{"id":533,"date":"2019-06-08T13:28:30","date_gmt":"2019-06-08T12:28:30","guid":{"rendered":"http:\/\/xn--lestrteauxdelarenarde-f5b.fr\/?p=533"},"modified":"2025-05-19T19:39:07","modified_gmt":"2025-05-19T18:39:07","slug":"notre-prochaine-piece","status":"publish","type":"post","link":"http:\/\/xn--lestrteauxdelarenarde-f5b.fr\/?p=533","title":{"rendered":"Ma femme est folle"},"content":{"rendered":"\n<p><strong>Com\u00e9die de Jean Barbier. Mise en Sc\u00e8ne Chantal Math\u00e9ry<\/strong><\/p>\n\n\n\n<p> <br>Repr\u00e9sentations  les 29, 30 Novembre \u00e0 20h30 et 01 D\u00e9cembre 2019 \u00e0 16h \u00e0 l&rsquo; Auditorium du Moulin des Muses \u00e0 Breuillet et les 13, 14 D\u00e9cembre \u00e0 20h30 et 15 D\u00e9cembre \u00e0 16h au Club Port-Sud \u00e0 Breuillet<\/p>\n\n\n<div class=\"wp-block-image\">\n<figure class=\"aligncenter\"><img loading=\"lazy\" width=\"446\" height=\"631\" src=\"http:\/\/xn--lestrteauxdelarenarde-f5b.fr\/wp-content\/uploads\/2019\/11\/Affiche-Ma-femme-est-folle.jpg\" alt=\"\" class=\"wp-image-540\" srcset=\"http:\/\/xn--lestrteauxdelarenarde-f5b.fr\/wp-content\/uploads\/2019\/11\/Affiche-Ma-femme-est-folle.jpg 446w, http:\/\/xn--lestrteauxdelarenarde-f5b.fr\/wp-content\/uploads\/2019\/11\/Affiche-Ma-femme-est-folle-212x300.jpg 212w\" sizes=\"(max-width: 446px) 100vw, 446px\" \/><\/figure><\/div>\n\n\n<p>Julien Valadier&nbsp;est&nbsp;un homme modeste qui a davantage d\u2019int\u00e9r\u00eat pour l\u2019\u00e9lectronique que pour sa&nbsp;femme. Ce qui devait arriver arriva. Un bel Italien, professeur de culture physique passant par l\u00e0, Catherine Valadier va chercher le bonheur qu\u2019elle n\u2019avait pas aupr\u00e8s de son mari.<\/p>\n\n\n\n<p>Julien, seul, se console en assouvissant sa passion pour les micro-processeurs. Il se r\u00e9v\u00e8le \u00eatre un g\u00e9nie et il met au point de fabuleux principes sur les possibilit\u00e9s de l \u2019\u00e9lectronique moderne. En quelques ann\u00e9es, il b\u00e2tit un empire industriel.<\/p>\n\n\n\n<p>Pendant ce temps, Catherine Valadier se fait plaquer par son bell\u00e2tre italien et v\u00e9g\u00e8te pauvrement. Apprenant par la presse la bonne fortune de son mari, elle d\u00e9cide le retour au domicile conjugal\u2026 mais lui n\u2019envisage pas son avenir de la m\u00eame fa\u00e7on.<\/p>\n\n\n\n<p><\/p>\n\n\n\n<p>Les photos de la pi\u00e8ce :<\/p>\n\n\n\n<p><a href=\"https:\/\/photos.app.goo.gl\/xirhM46mqwpz53XT8\">https:\/\/photos.app.goo.gl\/xirhM46mqwpz53XT8<\/a><\/p>\n\n\n\n<p><\/p>\n","protected":false},"excerpt":{"rendered":"<p>Com\u00e9die de Jean Barbier. Mise en Sc\u00e8ne Chantal Math\u00e9ry Repr\u00e9sentations les 29, 30 Novembre \u00e0 20h30 et 01 D\u00e9cembre 2019 \u00e0 16h \u00e0 l&rsquo; Auditorium du Moulin des Muses \u00e0 Breuillet et les 13, 14 D\u00e9cembre \u00e0 20h30 et 15 D\u00e9cembre \u00e0 16h au Club Port-Sud \u00e0 Breuillet Julien Valadier&nbsp;est&nbsp;un homme modeste qui a davantage &hellip; <a href=\"http:\/\/xn--lestrteauxdelarenarde-f5b.fr\/?p=533\" class=\"more-link\">Continuer la lecture de <span class=\"screen-reader-text\">Ma femme est folle<\/span> <span class=\"meta-nav\">&rarr;<\/span><\/a><\/p>\n","protected":false},"author":1,"featured_media":0,"comment_status":"closed","ping_status":"closed","sticky":false,"template":"","format":"standard","meta":[],"categories":[5],"tags":[],"_links":{"self":[{"href":"http:\/\/xn--lestrteauxdelarenarde-f5b.fr\/index.php?rest_route=\/wp\/v2\/posts\/533"}],"collection":[{"href":"http:\/\/xn--lestrteauxdelarenarde-f5b.fr\/index.php?rest_route=\/wp\/v2\/posts"}],"about":[{"href":"http:\/\/xn--lestrteauxdelarenarde-f5b.fr\/index.php?rest_route=\/wp\/v2\/types\/post"}],"author":[{"embeddable":true,"href":"http:\/\/xn--lestrteauxdelarenarde-f5b.fr\/index.php?rest_route=\/wp\/v2\/users\/1"}],"replies":[{"embeddable":true,"href":"http:\/\/xn--lestrteauxdelarenarde-f5b.fr\/index.php?rest_route=%2Fwp%2Fv2%2Fcomments&post=533"}],"version-history":[{"count":9,"href":"http:\/\/xn--lestrteauxdelarenarde-f5b.fr\/index.php?rest_route=\/wp\/v2\/posts\/533\/revisions"}],"predecessor-version":[{"id":572,"href":"http:\/\/xn--lestrteauxdelarenarde-f5b.fr\/index.php?rest_route=\/wp\/v2\/posts\/533\/revisions\/572"}],"wp:attachment":[{"href":"http:\/\/xn--lestrteauxdelarenarde-f5b.fr\/index.php?rest_route=%2Fwp%2Fv2%2Fmedia&parent=533"}],"wp:term":[{"taxonomy":"category","embeddable":true,"href":"http:\/\/xn--lestrteauxdelarenarde-f5b.fr\/index.php?rest_route=%2Fwp%2Fv2%2Fcategories&post=533"},{"taxonomy":"post_tag","embeddable":true,"href":"http:\/\/xn--lestrteauxdelarenarde-f5b.fr\/index.php?rest_route=%2Fwp%2Fv2%2Ftags&post=533"}],"curies":[{"name":"wp","href":"https:\/\/api.w.org\/{rel}","templated":true}]}}