{"id":505,"date":"1996-03-25T19:57:44","date_gmt":"1996-03-25T18:57:44","guid":{"rendered":"http:\/\/xn--lestrteauxdelarenarde-f5b.fr\/?p=505"},"modified":"2017-03-25T20:00:52","modified_gmt":"2017-03-25T19:00:52","slug":"la-nuit-du-16-janvier","status":"publish","type":"post","link":"http:\/\/xn--lestrteauxdelarenarde-f5b.fr\/?p=505","title":{"rendered":"La nuit du 16 janvier"},"content":{"rendered":"<h2 style=\"text-align: center;\">\u00a0 \u00a0 \u00a0 \u00a0 \u00a0 \u00a0 \u00a0 \u00a0 \u00a0 \u00a0 \u00a0 \u00a0 \u00a0 \u00a0 \u00a0 \u00a0 \u00a0 \u00a0 Pi\u00e8ce d&rsquo;Ayn Rand \u00a0 \u00a0 \u00a0 \u00a0 \u00a0 \u00a0 \u00a0 \u00a0 \u00a0 \u00a0 \u00a0 \u00a0 \u00a0 \u00a0 \u00a0 \u00a0 \u00a0 \u00a0 Mise en sc\u00e8ne de Nadine Capelli<\/h2>\n<h2 style=\"text-align: center;\">Jou\u00e9 en 1996<\/h2>\n<p>Un proc\u00e8s qui tente de lever le voile sur le d\u00e9c\u00e8s du richissime Bjorn Faulkner retrouv\u00e9 mort au pied de l&rsquo;\u00e9difice qui porte son nom. Malgr\u00e9 une lettre de suicide retrouv\u00e9e par la police, on accuse la ma\u00eetresse de Faulkner du meurtre. La pi\u00e8ce pr\u00e9sente donc le proc\u00e8s de Karen Borg. De nombreux t\u00e9moins d\u00e9filent, interrog\u00e9s par des avocats ambitieux. Les t\u00e9:moignages sont pour le moins contradictoires. Qui dit la v\u00e9rit\u00e9? Qui ment? Karen Borg est-elle coupable?<\/p>\n","protected":false},"excerpt":{"rendered":"<p>\u00a0 \u00a0 \u00a0 \u00a0 \u00a0 \u00a0 \u00a0 \u00a0 \u00a0 \u00a0 \u00a0 \u00a0 \u00a0 \u00a0 \u00a0 \u00a0 \u00a0 \u00a0 Pi\u00e8ce d&rsquo;Ayn Rand \u00a0 \u00a0 \u00a0 \u00a0 \u00a0 \u00a0 \u00a0 \u00a0 \u00a0 \u00a0 \u00a0 \u00a0 \u00a0 \u00a0 \u00a0 \u00a0 \u00a0 \u00a0 Mise en sc\u00e8ne de Nadine Capelli Jou\u00e9 en 1996 Un proc\u00e8s qui tente de lever le &hellip; <a href=\"http:\/\/xn--lestrteauxdelarenarde-f5b.fr\/?p=505\" class=\"more-link\">Continuer la lecture de <span class=\"screen-reader-text\">La nuit du 16 janvier<\/span> <span class=\"meta-nav\">&rarr;<\/span><\/a><\/p>\n","protected":false},"author":1,"featured_media":0,"comment_status":"open","ping_status":"open","sticky":false,"template":"","format":"standard","meta":[],"categories":[5],"tags":[],"_links":{"self":[{"href":"http:\/\/xn--lestrteauxdelarenarde-f5b.fr\/index.php?rest_route=\/wp\/v2\/posts\/505"}],"collection":[{"href":"http:\/\/xn--lestrteauxdelarenarde-f5b.fr\/index.php?rest_route=\/wp\/v2\/posts"}],"about":[{"href":"http:\/\/xn--lestrteauxdelarenarde-f5b.fr\/index.php?rest_route=\/wp\/v2\/types\/post"}],"author":[{"embeddable":true,"href":"http:\/\/xn--lestrteauxdelarenarde-f5b.fr\/index.php?rest_route=\/wp\/v2\/users\/1"}],"replies":[{"embeddable":true,"href":"http:\/\/xn--lestrteauxdelarenarde-f5b.fr\/index.php?rest_route=%2Fwp%2Fv2%2Fcomments&post=505"}],"version-history":[{"count":1,"href":"http:\/\/xn--lestrteauxdelarenarde-f5b.fr\/index.php?rest_route=\/wp\/v2\/posts\/505\/revisions"}],"predecessor-version":[{"id":506,"href":"http:\/\/xn--lestrteauxdelarenarde-f5b.fr\/index.php?rest_route=\/wp\/v2\/posts\/505\/revisions\/506"}],"wp:attachment":[{"href":"http:\/\/xn--lestrteauxdelarenarde-f5b.fr\/index.php?rest_route=%2Fwp%2Fv2%2Fmedia&parent=505"}],"wp:term":[{"taxonomy":"category","embeddable":true,"href":"http:\/\/xn--lestrteauxdelarenarde-f5b.fr\/index.php?rest_route=%2Fwp%2Fv2%2Fcategories&post=505"},{"taxonomy":"post_tag","embeddable":true,"href":"http:\/\/xn--lestrteauxdelarenarde-f5b.fr\/index.php?rest_route=%2Fwp%2Fv2%2Ftags&post=505"}],"curies":[{"name":"wp","href":"https:\/\/api.w.org\/{rel}","templated":true}]}}