{"id":450,"date":"1999-03-10T17:25:11","date_gmt":"1999-03-10T16:25:11","guid":{"rendered":"http:\/\/xn--lestrteauxdelarenarde-f5b.fr\/?p=450"},"modified":"2017-03-10T17:31:33","modified_gmt":"2017-03-10T16:31:33","slug":"guitry-vous-avez-dit-guitry","status":"publish","type":"post","link":"http:\/\/xn--lestrteauxdelarenarde-f5b.fr\/?p=450","title":{"rendered":"Guitry ? vous avez dit Guitry ?"},"content":{"rendered":"<h2 style=\"text-align: center;\">\u00a0 \u00a0 \u00a0 \u00a0 \u00a0 \u00a0 \u00a0 Deux pi\u00e8ces de Sacha Guitry \u00a0 \u00a0 \u00a0 \u00a0 \u00a0 \u00a0Mise en sc\u00e8ne Marie-N\u00f6elle M\u00e9dana<\/h2>\n<h2 style=\"text-align: center;\">Jou\u00e9 en 1999<\/h2>\n<p><img loading=\"lazy\" class=\"wp-image-451 aligncenter\" src=\"http:\/\/xn--lestrteauxdelarenarde-f5b.fr\/wp-content\/uploads\/2017\/03\/Affiche-Guitry0002-1-710x1024.jpg\" alt=\"\" width=\"444\" height=\"641\" srcset=\"http:\/\/xn--lestrteauxdelarenarde-f5b.fr\/wp-content\/uploads\/2017\/03\/Affiche-Guitry0002-1-710x1024.jpg 710w, http:\/\/xn--lestrteauxdelarenarde-f5b.fr\/wp-content\/uploads\/2017\/03\/Affiche-Guitry0002-1-208x300.jpg 208w, http:\/\/xn--lestrteauxdelarenarde-f5b.fr\/wp-content\/uploads\/2017\/03\/Affiche-Guitry0002-1-768x1108.jpg 768w, http:\/\/xn--lestrteauxdelarenarde-f5b.fr\/wp-content\/uploads\/2017\/03\/Affiche-Guitry0002-1.jpg 1070w\" sizes=\"(max-width: 444px) 100vw, 444px\" \/><\/p>\n<p><strong>Les pi\u00e8ces :<\/strong><\/p>\n<ul>\n<li>Un soir quand on est seul<\/li>\n<li>On passe dans huit jours<\/li>\n<\/ul>\n<p>&nbsp;<\/p>\n","protected":false},"excerpt":{"rendered":"<p>\u00a0 \u00a0 \u00a0 \u00a0 \u00a0 \u00a0 \u00a0 Deux pi\u00e8ces de Sacha Guitry \u00a0 \u00a0 \u00a0 \u00a0 \u00a0 \u00a0Mise en sc\u00e8ne Marie-N\u00f6elle M\u00e9dana Jou\u00e9 en 1999 Les pi\u00e8ces : Un soir quand on est seul On passe dans huit jours &nbsp;<\/p>\n","protected":false},"author":1,"featured_media":0,"comment_status":"open","ping_status":"open","sticky":false,"template":"","format":"standard","meta":[],"categories":[5],"tags":[],"_links":{"self":[{"href":"http:\/\/xn--lestrteauxdelarenarde-f5b.fr\/index.php?rest_route=\/wp\/v2\/posts\/450"}],"collection":[{"href":"http:\/\/xn--lestrteauxdelarenarde-f5b.fr\/index.php?rest_route=\/wp\/v2\/posts"}],"about":[{"href":"http:\/\/xn--lestrteauxdelarenarde-f5b.fr\/index.php?rest_route=\/wp\/v2\/types\/post"}],"author":[{"embeddable":true,"href":"http:\/\/xn--lestrteauxdelarenarde-f5b.fr\/index.php?rest_route=\/wp\/v2\/users\/1"}],"replies":[{"embeddable":true,"href":"http:\/\/xn--lestrteauxdelarenarde-f5b.fr\/index.php?rest_route=%2Fwp%2Fv2%2Fcomments&post=450"}],"version-history":[{"count":4,"href":"http:\/\/xn--lestrteauxdelarenarde-f5b.fr\/index.php?rest_route=\/wp\/v2\/posts\/450\/revisions"}],"predecessor-version":[{"id":455,"href":"http:\/\/xn--lestrteauxdelarenarde-f5b.fr\/index.php?rest_route=\/wp\/v2\/posts\/450\/revisions\/455"}],"wp:attachment":[{"href":"http:\/\/xn--lestrteauxdelarenarde-f5b.fr\/index.php?rest_route=%2Fwp%2Fv2%2Fmedia&parent=450"}],"wp:term":[{"taxonomy":"category","embeddable":true,"href":"http:\/\/xn--lestrteauxdelarenarde-f5b.fr\/index.php?rest_route=%2Fwp%2Fv2%2Fcategories&post=450"},{"taxonomy":"post_tag","embeddable":true,"href":"http:\/\/xn--lestrteauxdelarenarde-f5b.fr\/index.php?rest_route=%2Fwp%2Fv2%2Ftags&post=450"}],"curies":[{"name":"wp","href":"https:\/\/api.w.org\/{rel}","templated":true}]}}