{"id":45,"date":"2005-02-06T18:42:13","date_gmt":"2005-02-06T17:42:13","guid":{"rendered":"http:\/\/xn--lestrteauxdelarenarde-f5b.fr\/?p=45"},"modified":"2017-03-07T23:10:54","modified_gmt":"2017-03-07T22:10:54","slug":"la-nuit-de-valognes","status":"publish","type":"post","link":"http:\/\/xn--lestrteauxdelarenarde-f5b.fr\/?p=45","title":{"rendered":"La nuit de Valognes"},"content":{"rendered":"<h2 style=\"text-align: center;\"><strong>\u00a0 \u00a0 \u00a0 \u00a0 \u00a0 Pi\u00e8ce d&rsquo;Eric Emmanuel Schmitt \u00a0 \u00a0 \u00a0 \u00a0 \u00a0 \u00a0 \u00a0\u00a0<\/strong><strong> Mise en Sc\u00e8ne Marie-No\u00eblle M\u00e9dana<\/strong><\/h2>\n<h2 style=\"text-align: center;\"><strong>Jou\u00e9 en 2005<\/strong><\/h2>\n<p><img loading=\"lazy\" class=\"aligncenter wp-image-364 \" src=\"http:\/\/xn--lestrteauxdelarenarde-f5b.fr\/wp-content\/uploads\/2017\/03\/affiche-Valognes0003-712x1024.jpg\" width=\"408\" height=\"587\" srcset=\"http:\/\/xn--lestrteauxdelarenarde-f5b.fr\/wp-content\/uploads\/2017\/03\/affiche-Valognes0003-712x1024.jpg 712w, http:\/\/xn--lestrteauxdelarenarde-f5b.fr\/wp-content\/uploads\/2017\/03\/affiche-Valognes0003-209x300.jpg 209w, http:\/\/xn--lestrteauxdelarenarde-f5b.fr\/wp-content\/uploads\/2017\/03\/affiche-Valognes0003-768x1104.jpg 768w, http:\/\/xn--lestrteauxdelarenarde-f5b.fr\/wp-content\/uploads\/2017\/03\/affiche-Valognes0003.jpg 1085w\" sizes=\"(max-width: 408px) 100vw, 408px\" \/><\/p>\n<p><strong>La pi\u00e8ce\u00a0<\/strong><\/p>\n<p>Dans son ch\u00e2teau \u00e0 l&rsquo;abandon, la duchesse de Vaubricourt a r\u00e9uni quatre femmes qui ont \u00e9t\u00e9 \u00ab victimes de Don Juan. Pourquoi cette r\u00e9union ? Que d\u00e9sire-t-elle ? Leur soumettre une id\u00e9e de g\u00e9nie : faire le proc\u00e8s de Don Juan. Quelle en sera la sentence ?<\/p>\n<h4 style=\"text-align: center;\"><a href=\"https:\/\/goo.gl\/photos\/Z7GBrmwqAV4U89DC9\">Les photos de la pi\u00e8ce<\/a><\/h4>\n","protected":false},"excerpt":{"rendered":"<p>\u00a0 \u00a0 \u00a0 \u00a0 \u00a0 Pi\u00e8ce d&rsquo;Eric Emmanuel Schmitt \u00a0 \u00a0 \u00a0 \u00a0 \u00a0 \u00a0 \u00a0\u00a0 Mise en Sc\u00e8ne Marie-No\u00eblle M\u00e9dana Jou\u00e9 en 2005 La pi\u00e8ce\u00a0 Dans son ch\u00e2teau \u00e0 l&rsquo;abandon, la duchesse de Vaubricourt a r\u00e9uni quatre femmes qui ont \u00e9t\u00e9 \u00ab victimes de Don Juan. Pourquoi cette r\u00e9union ? Que d\u00e9sire-t-elle ? Leur &hellip; <a href=\"http:\/\/xn--lestrteauxdelarenarde-f5b.fr\/?p=45\" class=\"more-link\">Continuer la lecture de <span class=\"screen-reader-text\">La nuit de Valognes<\/span> <span class=\"meta-nav\">&rarr;<\/span><\/a><\/p>\n","protected":false},"author":1,"featured_media":242,"comment_status":"open","ping_status":"open","sticky":false,"template":"","format":"standard","meta":[],"categories":[5],"tags":[],"_links":{"self":[{"href":"http:\/\/xn--lestrteauxdelarenarde-f5b.fr\/index.php?rest_route=\/wp\/v2\/posts\/45"}],"collection":[{"href":"http:\/\/xn--lestrteauxdelarenarde-f5b.fr\/index.php?rest_route=\/wp\/v2\/posts"}],"about":[{"href":"http:\/\/xn--lestrteauxdelarenarde-f5b.fr\/index.php?rest_route=\/wp\/v2\/types\/post"}],"author":[{"embeddable":true,"href":"http:\/\/xn--lestrteauxdelarenarde-f5b.fr\/index.php?rest_route=\/wp\/v2\/users\/1"}],"replies":[{"embeddable":true,"href":"http:\/\/xn--lestrteauxdelarenarde-f5b.fr\/index.php?rest_route=%2Fwp%2Fv2%2Fcomments&post=45"}],"version-history":[{"count":9,"href":"http:\/\/xn--lestrteauxdelarenarde-f5b.fr\/index.php?rest_route=\/wp\/v2\/posts\/45\/revisions"}],"predecessor-version":[{"id":399,"href":"http:\/\/xn--lestrteauxdelarenarde-f5b.fr\/index.php?rest_route=\/wp\/v2\/posts\/45\/revisions\/399"}],"wp:featuredmedia":[{"embeddable":true,"href":"http:\/\/xn--lestrteauxdelarenarde-f5b.fr\/index.php?rest_route=\/wp\/v2\/media\/242"}],"wp:attachment":[{"href":"http:\/\/xn--lestrteauxdelarenarde-f5b.fr\/index.php?rest_route=%2Fwp%2Fv2%2Fmedia&parent=45"}],"wp:term":[{"taxonomy":"category","embeddable":true,"href":"http:\/\/xn--lestrteauxdelarenarde-f5b.fr\/index.php?rest_route=%2Fwp%2Fv2%2Fcategories&post=45"},{"taxonomy":"post_tag","embeddable":true,"href":"http:\/\/xn--lestrteauxdelarenarde-f5b.fr\/index.php?rest_route=%2Fwp%2Fv2%2Ftags&post=45"}],"curies":[{"name":"wp","href":"https:\/\/api.w.org\/{rel}","templated":true}]}}