{"id":431,"date":"2000-11-10T15:56:19","date_gmt":"2000-11-10T14:56:19","guid":{"rendered":"http:\/\/xn--lestrteauxdelarenarde-f5b.fr\/?p=431"},"modified":"2017-03-10T16:11:46","modified_gmt":"2017-03-10T15:11:46","slug":"les-bons-bourgeois","status":"publish","type":"post","link":"http:\/\/xn--lestrteauxdelarenarde-f5b.fr\/?p=431","title":{"rendered":"Les bons bourgeois"},"content":{"rendered":"<h2 style=\"text-align: center;\">\u00a0 \u00a0 \u00a0 \u00a0 \u00a0 \u00a0 \u00a0 \u00a0 \u00a0 Pi\u00e8ce de Ren\u00e9 de Obaldia \u00a0 \u00a0 \u00a0 \u00a0 \u00a0 \u00a0 \u00a0 \u00a0 Mise en sc\u00e8ne Marie No\u00eblle M\u00e9dana<\/h2>\n<h2 style=\"text-align: center;\">Jou\u00e9 en 2000<img loading=\"lazy\" class=\"wp-image-432 aligncenter\" src=\"http:\/\/xn--lestrteauxdelarenarde-f5b.fr\/wp-content\/uploads\/2017\/03\/Affiche-Bons-Bourgeois0003-1-723x1024.jpg\" alt=\"\" width=\"446\" height=\"631\" srcset=\"http:\/\/xn--lestrteauxdelarenarde-f5b.fr\/wp-content\/uploads\/2017\/03\/Affiche-Bons-Bourgeois0003-1-723x1024.jpg 723w, http:\/\/xn--lestrteauxdelarenarde-f5b.fr\/wp-content\/uploads\/2017\/03\/Affiche-Bons-Bourgeois0003-1-212x300.jpg 212w, http:\/\/xn--lestrteauxdelarenarde-f5b.fr\/wp-content\/uploads\/2017\/03\/Affiche-Bons-Bourgeois0003-1-768x1088.jpg 768w, http:\/\/xn--lestrteauxdelarenarde-f5b.fr\/wp-content\/uploads\/2017\/03\/Affiche-Bons-Bourgeois0003-1.jpg 1165w\" sizes=\"(max-width: 446px) 100vw, 446px\" \/><\/h2>\n<p>&nbsp;<\/p>\n<p>\u00abNotre temps est non seulement provisoire, mais particuli\u00e8rement convulsif \u00bb nous dit l?..auteur. Les Basson-d?..Argueil, bourgeois du 16e arrondissement, vont affronter la tourmente au sein de leur famille, mais aussi subir les attaques de l?..ext\u00e9rieur o\u00fb gronde une r\u00e9volution. Cette com\u00e9die s?..ouvre \u00e0 la mani\u00e8re des Femmes Savantes, mais c?..est \u00e0 une satire de notre temps que nous expose ici Ren\u00e9 de Obaldia. \u00ab Avec ou sans perruque, l?..homme a-t-il vraiment chang\u00e9 depuis le 17e si\u00e8cle ? \u00bb<\/p>\n","protected":false},"excerpt":{"rendered":"<p>\u00a0 \u00a0 \u00a0 \u00a0 \u00a0 \u00a0 \u00a0 \u00a0 \u00a0 Pi\u00e8ce de Ren\u00e9 de Obaldia \u00a0 \u00a0 \u00a0 \u00a0 \u00a0 \u00a0 \u00a0 \u00a0 Mise en sc\u00e8ne Marie No\u00eblle M\u00e9dana Jou\u00e9 en 2000 &nbsp; \u00abNotre temps est non seulement provisoire, mais particuli\u00e8rement convulsif \u00bb nous dit l?..auteur. Les Basson-d?..Argueil, bourgeois du 16e arrondissement, vont affronter la tourmente &hellip; <a href=\"http:\/\/xn--lestrteauxdelarenarde-f5b.fr\/?p=431\" class=\"more-link\">Continuer la lecture de <span class=\"screen-reader-text\">Les bons bourgeois<\/span> <span class=\"meta-nav\">&rarr;<\/span><\/a><\/p>\n","protected":false},"author":1,"featured_media":0,"comment_status":"open","ping_status":"open","sticky":false,"template":"","format":"standard","meta":[],"categories":[5],"tags":[],"_links":{"self":[{"href":"http:\/\/xn--lestrteauxdelarenarde-f5b.fr\/index.php?rest_route=\/wp\/v2\/posts\/431"}],"collection":[{"href":"http:\/\/xn--lestrteauxdelarenarde-f5b.fr\/index.php?rest_route=\/wp\/v2\/posts"}],"about":[{"href":"http:\/\/xn--lestrteauxdelarenarde-f5b.fr\/index.php?rest_route=\/wp\/v2\/types\/post"}],"author":[{"embeddable":true,"href":"http:\/\/xn--lestrteauxdelarenarde-f5b.fr\/index.php?rest_route=\/wp\/v2\/users\/1"}],"replies":[{"embeddable":true,"href":"http:\/\/xn--lestrteauxdelarenarde-f5b.fr\/index.php?rest_route=%2Fwp%2Fv2%2Fcomments&post=431"}],"version-history":[{"count":2,"href":"http:\/\/xn--lestrteauxdelarenarde-f5b.fr\/index.php?rest_route=\/wp\/v2\/posts\/431\/revisions"}],"predecessor-version":[{"id":434,"href":"http:\/\/xn--lestrteauxdelarenarde-f5b.fr\/index.php?rest_route=\/wp\/v2\/posts\/431\/revisions\/434"}],"wp:attachment":[{"href":"http:\/\/xn--lestrteauxdelarenarde-f5b.fr\/index.php?rest_route=%2Fwp%2Fv2%2Fmedia&parent=431"}],"wp:term":[{"taxonomy":"category","embeddable":true,"href":"http:\/\/xn--lestrteauxdelarenarde-f5b.fr\/index.php?rest_route=%2Fwp%2Fv2%2Fcategories&post=431"},{"taxonomy":"post_tag","embeddable":true,"href":"http:\/\/xn--lestrteauxdelarenarde-f5b.fr\/index.php?rest_route=%2Fwp%2Fv2%2Ftags&post=431"}],"curies":[{"name":"wp","href":"https:\/\/api.w.org\/{rel}","templated":true}]}}