{"id":425,"date":"2001-03-10T15:48:47","date_gmt":"2001-03-10T14:48:47","guid":{"rendered":"http:\/\/xn--lestrteauxdelarenarde-f5b.fr\/?p=425"},"modified":"2017-03-10T16:12:43","modified_gmt":"2017-03-10T15:12:43","slug":"la-colonie","status":"publish","type":"post","link":"http:\/\/xn--lestrteauxdelarenarde-f5b.fr\/?p=425","title":{"rendered":"La colonie"},"content":{"rendered":"<h2 style=\"text-align: center;\">\u00a0 \u00a0 \u00a0 \u00a0 \u00a0 \u00a0 \u00a0 \u00a0 \u00a0 \u00a0 \u00a0 \u00a0 \u00a0 \u00a0 \u00a0 Pi\u00e8ce de Marivaux \u00a0 \u00a0 \u00a0 \u00a0 \u00a0 \u00a0 \u00a0 \u00a0 \u00a0 \u00a0 \u00a0 \u00a0 \u00a0 \u00a0 \u00a0 \u00a0 \u00a0 \u00a0 \u00a0 \u00a0 \u00a0 \u00a0 \u00a0Adaptation et Mise en sc\u00e8ne \u00a0 \u00a0 \u00a0 \u00a0 \u00a0 \u00a0 \u00a0 \u00a0 \u00a0 \u00a0 \u00a0 de Romain Barrier<\/h2>\n<h2 style=\"text-align: center;\">Jou\u00e9 en 2001<\/h2>\n<p><img loading=\"lazy\" class=\"wp-image-426 aligncenter\" src=\"http:\/\/xn--lestrteauxdelarenarde-f5b.fr\/wp-content\/uploads\/2017\/03\/Affiche-Colonie0004-734x1024.jpg\" alt=\"\" width=\"454\" height=\"633\" srcset=\"http:\/\/xn--lestrteauxdelarenarde-f5b.fr\/wp-content\/uploads\/2017\/03\/Affiche-Colonie0004-734x1024.jpg 734w, http:\/\/xn--lestrteauxdelarenarde-f5b.fr\/wp-content\/uploads\/2017\/03\/Affiche-Colonie0004-215x300.jpg 215w, http:\/\/xn--lestrteauxdelarenarde-f5b.fr\/wp-content\/uploads\/2017\/03\/Affiche-Colonie0004-768x1072.jpg 768w, http:\/\/xn--lestrteauxdelarenarde-f5b.fr\/wp-content\/uploads\/2017\/03\/Affiche-Colonie0004.jpg 1144w\" sizes=\"(max-width: 454px) 100vw, 454px\" \/><\/p>\n<p><strong>La pi\u00e8ce<\/strong><\/p>\n<p>Com\u00e9die sociale et philosophique, La Colonie met en sc\u00e8ne la r\u00e9volte des femmes qui aspirent \u00e0 sortir de l&rsquo;humilit\u00e9 ridicule que les hommes leur ont impos\u00e9e depuis le commencement du monde. Dans une \u00eele, men\u00e9e par Arth\u00e9nice, une femme noble, et par Mme Sorbin, la femme d&rsquo;un artisan, la Colonie fait l&rsquo;exp\u00e9rience difficile de sa libert\u00e9, se trouve bient\u00f4t divis\u00e9e par des conflits de classe et finit par redonner aux hommes quelques pouvoirs. Reste la revendication r\u00e9solument moderne d&rsquo;une reconnaissance sociale de la femme.<\/p>\n","protected":false},"excerpt":{"rendered":"<p>\u00a0 \u00a0 \u00a0 \u00a0 \u00a0 \u00a0 \u00a0 \u00a0 \u00a0 \u00a0 \u00a0 \u00a0 \u00a0 \u00a0 \u00a0 Pi\u00e8ce de Marivaux \u00a0 \u00a0 \u00a0 \u00a0 \u00a0 \u00a0 \u00a0 \u00a0 \u00a0 \u00a0 \u00a0 \u00a0 \u00a0 \u00a0 \u00a0 \u00a0 \u00a0 \u00a0 \u00a0 \u00a0 \u00a0 \u00a0 \u00a0Adaptation et Mise en sc\u00e8ne \u00a0 \u00a0 \u00a0 \u00a0 \u00a0 \u00a0 \u00a0 \u00a0 \u00a0 \u00a0 &hellip; <a href=\"http:\/\/xn--lestrteauxdelarenarde-f5b.fr\/?p=425\" class=\"more-link\">Continuer la lecture de <span class=\"screen-reader-text\">La colonie<\/span> <span class=\"meta-nav\">&rarr;<\/span><\/a><\/p>\n","protected":false},"author":1,"featured_media":0,"comment_status":"open","ping_status":"open","sticky":false,"template":"","format":"standard","meta":[],"categories":[5],"tags":[],"_links":{"self":[{"href":"http:\/\/xn--lestrteauxdelarenarde-f5b.fr\/index.php?rest_route=\/wp\/v2\/posts\/425"}],"collection":[{"href":"http:\/\/xn--lestrteauxdelarenarde-f5b.fr\/index.php?rest_route=\/wp\/v2\/posts"}],"about":[{"href":"http:\/\/xn--lestrteauxdelarenarde-f5b.fr\/index.php?rest_route=\/wp\/v2\/types\/post"}],"author":[{"embeddable":true,"href":"http:\/\/xn--lestrteauxdelarenarde-f5b.fr\/index.php?rest_route=\/wp\/v2\/users\/1"}],"replies":[{"embeddable":true,"href":"http:\/\/xn--lestrteauxdelarenarde-f5b.fr\/index.php?rest_route=%2Fwp%2Fv2%2Fcomments&post=425"}],"version-history":[{"count":1,"href":"http:\/\/xn--lestrteauxdelarenarde-f5b.fr\/index.php?rest_route=\/wp\/v2\/posts\/425\/revisions"}],"predecessor-version":[{"id":427,"href":"http:\/\/xn--lestrteauxdelarenarde-f5b.fr\/index.php?rest_route=\/wp\/v2\/posts\/425\/revisions\/427"}],"wp:attachment":[{"href":"http:\/\/xn--lestrteauxdelarenarde-f5b.fr\/index.php?rest_route=%2Fwp%2Fv2%2Fmedia&parent=425"}],"wp:term":[{"taxonomy":"category","embeddable":true,"href":"http:\/\/xn--lestrteauxdelarenarde-f5b.fr\/index.php?rest_route=%2Fwp%2Fv2%2Fcategories&post=425"},{"taxonomy":"post_tag","embeddable":true,"href":"http:\/\/xn--lestrteauxdelarenarde-f5b.fr\/index.php?rest_route=%2Fwp%2Fv2%2Ftags&post=425"}],"curies":[{"name":"wp","href":"https:\/\/api.w.org\/{rel}","templated":true}]}}