{"id":42,"date":"2008-06-06T18:41:21","date_gmt":"2008-06-06T17:41:21","guid":{"rendered":"http:\/\/xn--lestrteauxdelarenarde-f5b.fr\/?p=42"},"modified":"2025-05-29T16:53:21","modified_gmt":"2025-05-29T15:53:21","slug":"on-mappelle-emilie","status":"publish","type":"post","link":"http:\/\/xn--lestrteauxdelarenarde-f5b.fr\/?p=42","title":{"rendered":"On m&rsquo;appelle Emilie"},"content":{"rendered":"<h2 style=\"text-align: center;\"><strong>\u00a0 \u00a0 \u00a0 \u00a0 \u00a0 \u00a0 \u00a0 \u00a0 Pi\u00e8ce de Maria Pac\u00f4me\u00a0 \u00a0 \u00a0 \u00a0 \u00a0 \u00a0 \u00a0 \u00a0 \u00a0 \u00a0 \u00a0 Mise en Sc\u00e8ne Marie-No\u00eblle M\u00e9dana<\/strong><\/h2>\n<h2 style=\"text-align: center;\"><strong>Jou\u00e9 en 2008<\/strong><\/h2>\n<p><img loading=\"lazy\" class=\"aligncenter wp-image-308 \" src=\"http:\/\/xn--lestrteauxdelarenarde-f5b.fr\/wp-content\/uploads\/2008\/06\/06-01-2009-181104-706x1024.jpg\" width=\"384\" height=\"557\" srcset=\"http:\/\/xn--lestrteauxdelarenarde-f5b.fr\/wp-content\/uploads\/2008\/06\/06-01-2009-181104-706x1024.jpg 706w, http:\/\/xn--lestrteauxdelarenarde-f5b.fr\/wp-content\/uploads\/2008\/06\/06-01-2009-181104-207x300.jpg 207w, http:\/\/xn--lestrteauxdelarenarde-f5b.fr\/wp-content\/uploads\/2008\/06\/06-01-2009-181104-768x1114.jpg 768w\" sizes=\"(max-width: 384px) 100vw, 384px\" \/><\/p>\n<p>&nbsp;<\/p>\n<p>Emilie, Jaja et Henri vivant dans un squat, empruntent plus facilement les chemins de traverse que les routes traditionnelles\u2026<br \/>\nEmilie tire les cartes de l&rsquo;avenir, Jaja d\u00e9fend jalousement sa position de clocharde de 1\u00e8re classe et Henri s&rsquo;entra\u00eene \u00e0 gratouiller sa guitare d\u00e9saccord\u00e9e.<br \/>\nCette vie insouciante est perturb\u00e9e par la venue inopportune d&rsquo;un journaliste ambitieux qui semble d\u00e9termin\u00e9 pour un tas de raisons plus ou moins valables \u00e0 vouloir leur donner le go\u00fbt du travail !!!<\/p>\n<p>-\u00e7a parle cru et vif \u00e0 coup de secret, mensonge et myst\u00e8re<br \/>\n-\u00e7a tourne au comique tendre \u00e0 partir d&rsquo;un sujet grave, toujours actuel<br \/>\n-\u00e7a donne un m\u00e9lange bien dos\u00e9 de dr\u00f4lerie, de tendresse, piment\u00e9 de bons mots.<\/p>\n<h4 style=\"text-align: center;\"><a href=\"https:\/\/goo.gl\/photos\/1jNradcV51bvywyL8\">Les photos de la pi\u00e8ce<\/a><\/h4>\n","protected":false},"excerpt":{"rendered":"<p>\u00a0 \u00a0 \u00a0 \u00a0 \u00a0 \u00a0 \u00a0 \u00a0 Pi\u00e8ce de Maria Pac\u00f4me\u00a0 \u00a0 \u00a0 \u00a0 \u00a0 \u00a0 \u00a0 \u00a0 \u00a0 \u00a0 \u00a0 Mise en Sc\u00e8ne Marie-No\u00eblle M\u00e9dana Jou\u00e9 en 2008 &nbsp; Emilie, Jaja et Henri vivant dans un squat, empruntent plus facilement les chemins de traverse que les routes traditionnelles\u2026 Emilie tire les cartes de &hellip; <a href=\"http:\/\/xn--lestrteauxdelarenarde-f5b.fr\/?p=42\" class=\"more-link\">Continuer la lecture de <span class=\"screen-reader-text\">On m&rsquo;appelle Emilie<\/span> <span class=\"meta-nav\">&rarr;<\/span><\/a><\/p>\n","protected":false},"author":1,"featured_media":387,"comment_status":"closed","ping_status":"closed","sticky":false,"template":"","format":"standard","meta":[],"categories":[5],"tags":[],"_links":{"self":[{"href":"http:\/\/xn--lestrteauxdelarenarde-f5b.fr\/index.php?rest_route=\/wp\/v2\/posts\/42"}],"collection":[{"href":"http:\/\/xn--lestrteauxdelarenarde-f5b.fr\/index.php?rest_route=\/wp\/v2\/posts"}],"about":[{"href":"http:\/\/xn--lestrteauxdelarenarde-f5b.fr\/index.php?rest_route=\/wp\/v2\/types\/post"}],"author":[{"embeddable":true,"href":"http:\/\/xn--lestrteauxdelarenarde-f5b.fr\/index.php?rest_route=\/wp\/v2\/users\/1"}],"replies":[{"embeddable":true,"href":"http:\/\/xn--lestrteauxdelarenarde-f5b.fr\/index.php?rest_route=%2Fwp%2Fv2%2Fcomments&post=42"}],"version-history":[{"count":8,"href":"http:\/\/xn--lestrteauxdelarenarde-f5b.fr\/index.php?rest_route=\/wp\/v2\/posts\/42\/revisions"}],"predecessor-version":[{"id":403,"href":"http:\/\/xn--lestrteauxdelarenarde-f5b.fr\/index.php?rest_route=\/wp\/v2\/posts\/42\/revisions\/403"}],"wp:featuredmedia":[{"embeddable":true,"href":"http:\/\/xn--lestrteauxdelarenarde-f5b.fr\/index.php?rest_route=\/wp\/v2\/media\/387"}],"wp:attachment":[{"href":"http:\/\/xn--lestrteauxdelarenarde-f5b.fr\/index.php?rest_route=%2Fwp%2Fv2%2Fmedia&parent=42"}],"wp:term":[{"taxonomy":"category","embeddable":true,"href":"http:\/\/xn--lestrteauxdelarenarde-f5b.fr\/index.php?rest_route=%2Fwp%2Fv2%2Fcategories&post=42"},{"taxonomy":"post_tag","embeddable":true,"href":"http:\/\/xn--lestrteauxdelarenarde-f5b.fr\/index.php?rest_route=%2Fwp%2Fv2%2Ftags&post=42"}],"curies":[{"name":"wp","href":"https:\/\/api.w.org\/{rel}","templated":true}]}}