{"id":355,"date":"2003-03-15T10:13:14","date_gmt":"2003-03-15T09:13:14","guid":{"rendered":"http:\/\/xn--lestrteauxdelarenarde-f5b.fr\/?p=355"},"modified":"2017-03-10T16:12:06","modified_gmt":"2017-03-10T15:12:06","slug":"le-cimetiere-des-elephants","status":"publish","type":"post","link":"http:\/\/xn--lestrteauxdelarenarde-f5b.fr\/?p=355","title":{"rendered":"Le cimeti\u00e8re des \u00e9l\u00e9phants"},"content":{"rendered":"<h2 style=\"text-align: center;\">\u00a0 \u00a0 \u00a0 \u00a0 \u00a0 \u00a0 \u00a0 \u00a0 Pi\u00e8ce de Jean-Paul Daumas \u00a0 \u00a0 \u00a0 \u00a0 \u00a0 \u00a0 \u00a0 Mise en sc\u00e8ne Marie-No\u00eblle M\u00e9dana<\/h2>\n<h2 style=\"text-align: center;\">Jou\u00e9 en 2003<\/h2>\n<p><img loading=\"lazy\" class=\"wp-image-356 aligncenter\" src=\"http:\/\/xn--lestrteauxdelarenarde-f5b.fr\/wp-content\/uploads\/2017\/03\/IMG_20170304_094203-768x1024.jpg\" alt=\"\" width=\"449\" height=\"599\" srcset=\"http:\/\/xn--lestrteauxdelarenarde-f5b.fr\/wp-content\/uploads\/2017\/03\/IMG_20170304_094203-768x1024.jpg 768w, http:\/\/xn--lestrteauxdelarenarde-f5b.fr\/wp-content\/uploads\/2017\/03\/IMG_20170304_094203-225x300.jpg 225w\" sizes=\"(max-width: 449px) 100vw, 449px\" \/><\/p>\n<p>&nbsp;<\/p>\n<p>Dans quel univers Jean-Paul DAUMAS nous emm\u00e8ne-t-il \u00e0 travers ces rencontres de femmes ? On peut se le demander ! S&rsquo;agit-il d&rsquo;une pension de famille, d&rsquo;une maison de retraite, d?..un asile d&rsquo;ali\u00e9n\u00e9s ou tout simplement d&rsquo;une sc\u00e8ne de th\u00e9\u00e2tre ? A vous de trouver la r\u00e9ponse ! Quatre femmes vivent en huis clos dans ce lieu o\u00f9 l&rsquo;on feint de ne pas entendre les coups frapp\u00e9s au fond du couloir (on est tr\u00e8s bien ici), sans jamais oser (ou pouvoir) en sortir, parce que dehors il pleut, qu&rsquo;il y a des voyous partout &#8230;<\/p>\n","protected":false},"excerpt":{"rendered":"<p>\u00a0 \u00a0 \u00a0 \u00a0 \u00a0 \u00a0 \u00a0 \u00a0 Pi\u00e8ce de Jean-Paul Daumas \u00a0 \u00a0 \u00a0 \u00a0 \u00a0 \u00a0 \u00a0 Mise en sc\u00e8ne Marie-No\u00eblle M\u00e9dana Jou\u00e9 en 2003 &nbsp; Dans quel univers Jean-Paul DAUMAS nous emm\u00e8ne-t-il \u00e0 travers ces rencontres de femmes ? On peut se le demander ! S&rsquo;agit-il d&rsquo;une pension de famille, d&rsquo;une maison &hellip; <a href=\"http:\/\/xn--lestrteauxdelarenarde-f5b.fr\/?p=355\" class=\"more-link\">Continuer la lecture de <span class=\"screen-reader-text\">Le cimeti\u00e8re des \u00e9l\u00e9phants<\/span> <span class=\"meta-nav\">&rarr;<\/span><\/a><\/p>\n","protected":false},"author":1,"featured_media":0,"comment_status":"open","ping_status":"open","sticky":false,"template":"","format":"standard","meta":[],"categories":[5],"tags":[],"_links":{"self":[{"href":"http:\/\/xn--lestrteauxdelarenarde-f5b.fr\/index.php?rest_route=\/wp\/v2\/posts\/355"}],"collection":[{"href":"http:\/\/xn--lestrteauxdelarenarde-f5b.fr\/index.php?rest_route=\/wp\/v2\/posts"}],"about":[{"href":"http:\/\/xn--lestrteauxdelarenarde-f5b.fr\/index.php?rest_route=\/wp\/v2\/types\/post"}],"author":[{"embeddable":true,"href":"http:\/\/xn--lestrteauxdelarenarde-f5b.fr\/index.php?rest_route=\/wp\/v2\/users\/1"}],"replies":[{"embeddable":true,"href":"http:\/\/xn--lestrteauxdelarenarde-f5b.fr\/index.php?rest_route=%2Fwp%2Fv2%2Fcomments&post=355"}],"version-history":[{"count":4,"href":"http:\/\/xn--lestrteauxdelarenarde-f5b.fr\/index.php?rest_route=\/wp\/v2\/posts\/355\/revisions"}],"predecessor-version":[{"id":422,"href":"http:\/\/xn--lestrteauxdelarenarde-f5b.fr\/index.php?rest_route=\/wp\/v2\/posts\/355\/revisions\/422"}],"wp:attachment":[{"href":"http:\/\/xn--lestrteauxdelarenarde-f5b.fr\/index.php?rest_route=%2Fwp%2Fv2%2Fmedia&parent=355"}],"wp:term":[{"taxonomy":"category","embeddable":true,"href":"http:\/\/xn--lestrteauxdelarenarde-f5b.fr\/index.php?rest_route=%2Fwp%2Fv2%2Fcategories&post=355"},{"taxonomy":"post_tag","embeddable":true,"href":"http:\/\/xn--lestrteauxdelarenarde-f5b.fr\/index.php?rest_route=%2Fwp%2Fv2%2Ftags&post=355"}],"curies":[{"name":"wp","href":"https:\/\/api.w.org\/{rel}","templated":true}]}}