{"id":226,"date":"2004-09-23T18:46:11","date_gmt":"2004-09-23T17:46:11","guid":{"rendered":"http:\/\/xn--lestrteauxdelarenarde-f5b.fr\/?p=226"},"modified":"2017-03-10T15:42:58","modified_gmt":"2017-03-10T14:42:58","slug":"promenade-chez-monsieur-trenet","status":"publish","type":"post","link":"http:\/\/xn--lestrteauxdelarenarde-f5b.fr\/?p=226","title":{"rendered":"Promenade chez Monsieur Tr\u00e9net"},"content":{"rendered":"<h2 style=\"text-align: center;\"><strong>Caf\u00e9-th\u00e9\u00e2tre\u00a0<\/strong><strong>cr\u00e9\u00e9 et mis en sc\u00e8ne par \u00a0 \u00a0Marie No\u00eblle M\u00e9dana.<\/strong><\/h2>\n<h2 style=\"text-align: center;\"><strong>Jou\u00e9 en 2004<\/strong><\/h2>\n<p><img loading=\"lazy\" class=\" wp-image-418 aligncenter\" src=\"http:\/\/xn--lestrteauxdelarenarde-f5b.fr\/wp-content\/uploads\/2004\/09\/affiche-Tr\u00e9net0006-700x1024.jpg\" alt=\"\" width=\"417\" height=\"610\" srcset=\"http:\/\/xn--lestrteauxdelarenarde-f5b.fr\/wp-content\/uploads\/2004\/09\/affiche-Tr\u00e9net0006-700x1024.jpg 700w, http:\/\/xn--lestrteauxdelarenarde-f5b.fr\/wp-content\/uploads\/2004\/09\/affiche-Tr\u00e9net0006-205x300.jpg 205w, http:\/\/xn--lestrteauxdelarenarde-f5b.fr\/wp-content\/uploads\/2004\/09\/affiche-Tr\u00e9net0006-768x1124.jpg 768w, http:\/\/xn--lestrteauxdelarenarde-f5b.fr\/wp-content\/uploads\/2004\/09\/affiche-Tr\u00e9net0006.jpg 1111w\" sizes=\"(max-width: 417px) 100vw, 417px\" \/><\/p>\n<p style=\"text-align: center;\">Cr\u00a0\u00bbation originale \u00e0 partir de textes et chansons de Charles Tr\u00e9net<\/p>\n<p>&nbsp;<\/p>\n<p>&nbsp;<\/p>\n<p>&nbsp;<\/p>\n","protected":false},"excerpt":{"rendered":"<p>Caf\u00e9-th\u00e9\u00e2tre\u00a0cr\u00e9\u00e9 et mis en sc\u00e8ne par \u00a0 \u00a0Marie No\u00eblle M\u00e9dana. Jou\u00e9 en 2004 Cr\u00a0\u00bbation originale \u00e0 partir de textes et chansons de Charles Tr\u00e9net &nbsp; &nbsp; &nbsp;<\/p>\n","protected":false},"author":1,"featured_media":0,"comment_status":"open","ping_status":"open","sticky":false,"template":"","format":"standard","meta":[],"categories":[4],"tags":[],"_links":{"self":[{"href":"http:\/\/xn--lestrteauxdelarenarde-f5b.fr\/index.php?rest_route=\/wp\/v2\/posts\/226"}],"collection":[{"href":"http:\/\/xn--lestrteauxdelarenarde-f5b.fr\/index.php?rest_route=\/wp\/v2\/posts"}],"about":[{"href":"http:\/\/xn--lestrteauxdelarenarde-f5b.fr\/index.php?rest_route=\/wp\/v2\/types\/post"}],"author":[{"embeddable":true,"href":"http:\/\/xn--lestrteauxdelarenarde-f5b.fr\/index.php?rest_route=\/wp\/v2\/users\/1"}],"replies":[{"embeddable":true,"href":"http:\/\/xn--lestrteauxdelarenarde-f5b.fr\/index.php?rest_route=%2Fwp%2Fv2%2Fcomments&post=226"}],"version-history":[{"count":3,"href":"http:\/\/xn--lestrteauxdelarenarde-f5b.fr\/index.php?rest_route=\/wp\/v2\/posts\/226\/revisions"}],"predecessor-version":[{"id":420,"href":"http:\/\/xn--lestrteauxdelarenarde-f5b.fr\/index.php?rest_route=\/wp\/v2\/posts\/226\/revisions\/420"}],"wp:attachment":[{"href":"http:\/\/xn--lestrteauxdelarenarde-f5b.fr\/index.php?rest_route=%2Fwp%2Fv2%2Fmedia&parent=226"}],"wp:term":[{"taxonomy":"category","embeddable":true,"href":"http:\/\/xn--lestrteauxdelarenarde-f5b.fr\/index.php?rest_route=%2Fwp%2Fv2%2Fcategories&post=226"},{"taxonomy":"post_tag","embeddable":true,"href":"http:\/\/xn--lestrteauxdelarenarde-f5b.fr\/index.php?rest_route=%2Fwp%2Fv2%2Ftags&post=226"}],"curies":[{"name":"wp","href":"https:\/\/api.w.org\/{rel}","templated":true}]}}