{"id":218,"date":"2000-05-23T18:30:07","date_gmt":"2000-05-23T17:30:07","guid":{"rendered":"http:\/\/xn--lestrteauxdelarenarde-f5b.fr\/?p=218"},"modified":"2017-03-10T16:02:56","modified_gmt":"2017-03-10T15:02:56","slug":"le-nombril","status":"publish","type":"post","link":"http:\/\/xn--lestrteauxdelarenarde-f5b.fr\/?p=218","title":{"rendered":"Le nombril"},"content":{"rendered":"<h2 style=\"text-align: center;\"><strong>\u00a0 \u00a0 \u00a0 \u00a0 \u00a0 \u00a0 \u00a0 \u00a0 \u00a0 \u00a0 \u00a0 \u00a0 Pi\u00e8ce de Jean Anouilh\u00a0 \u00a0 \u00a0 \u00a0 \u00a0 \u00a0 \u00a0 \u00a0 \u00a0 \u00a0 \u00a0 \u00a0 \u00a0 \u00a0 \u00a0 \u00a0Mise en sc\u00e8ne Marie-No\u00eblle M\u00e9dana<\/strong><\/h2>\n<h2 style=\"text-align: center;\"><strong>Jou\u00e9 en 2000<\/strong><\/h2>\n<p><img loading=\"lazy\" class=\"wp-image-329  aligncenter\" src=\"http:\/\/xn--lestrteauxdelarenarde-f5b.fr\/wp-content\/uploads\/2000\/05\/affiche-Nombril0009-727x1024.jpg\" alt=\"\" width=\"449\" height=\"633\" srcset=\"http:\/\/xn--lestrteauxdelarenarde-f5b.fr\/wp-content\/uploads\/2000\/05\/affiche-Nombril0009-727x1024.jpg 727w, http:\/\/xn--lestrteauxdelarenarde-f5b.fr\/wp-content\/uploads\/2000\/05\/affiche-Nombril0009-213x300.jpg 213w, http:\/\/xn--lestrteauxdelarenarde-f5b.fr\/wp-content\/uploads\/2000\/05\/affiche-Nombril0009-768x1082.jpg 768w, http:\/\/xn--lestrteauxdelarenarde-f5b.fr\/wp-content\/uploads\/2000\/05\/affiche-Nombril0009.jpg 1182w\" sizes=\"(max-width: 449px) 100vw, 449px\" \/><\/p>\n<p>Le Nombril dessine la trame complexe des rapports humains de L\u00e9on avec le monde ext\u00e9rieur : son m\u00e9decin, sa petite amie, son vieil ami Gaston, son ex-femme, ses enfants, personnages fortement typ\u00e9s. C?..est contre ce flot envahissant que L\u00e9on d\u00e9fend son temps, sa tranquillit\u00e9, son carnet de ch\u00e8ques&#8230;<\/p>\n","protected":false},"excerpt":{"rendered":"<p>\u00a0 \u00a0 \u00a0 \u00a0 \u00a0 \u00a0 \u00a0 \u00a0 \u00a0 \u00a0 \u00a0 \u00a0 Pi\u00e8ce de Jean Anouilh\u00a0 \u00a0 \u00a0 \u00a0 \u00a0 \u00a0 \u00a0 \u00a0 \u00a0 \u00a0 \u00a0 \u00a0 \u00a0 \u00a0 \u00a0 \u00a0Mise en sc\u00e8ne Marie-No\u00eblle M\u00e9dana Jou\u00e9 en 2000 Le Nombril dessine la trame complexe des rapports humains de L\u00e9on avec le monde ext\u00e9rieur : son &hellip; <a href=\"http:\/\/xn--lestrteauxdelarenarde-f5b.fr\/?p=218\" class=\"more-link\">Continuer la lecture de <span class=\"screen-reader-text\">Le nombril<\/span> <span class=\"meta-nav\">&rarr;<\/span><\/a><\/p>\n","protected":false},"author":1,"featured_media":0,"comment_status":"open","ping_status":"open","sticky":false,"template":"","format":"standard","meta":[],"categories":[5],"tags":[],"_links":{"self":[{"href":"http:\/\/xn--lestrteauxdelarenarde-f5b.fr\/index.php?rest_route=\/wp\/v2\/posts\/218"}],"collection":[{"href":"http:\/\/xn--lestrteauxdelarenarde-f5b.fr\/index.php?rest_route=\/wp\/v2\/posts"}],"about":[{"href":"http:\/\/xn--lestrteauxdelarenarde-f5b.fr\/index.php?rest_route=\/wp\/v2\/types\/post"}],"author":[{"embeddable":true,"href":"http:\/\/xn--lestrteauxdelarenarde-f5b.fr\/index.php?rest_route=\/wp\/v2\/users\/1"}],"replies":[{"embeddable":true,"href":"http:\/\/xn--lestrteauxdelarenarde-f5b.fr\/index.php?rest_route=%2Fwp%2Fv2%2Fcomments&post=218"}],"version-history":[{"count":4,"href":"http:\/\/xn--lestrteauxdelarenarde-f5b.fr\/index.php?rest_route=\/wp\/v2\/posts\/218\/revisions"}],"predecessor-version":[{"id":437,"href":"http:\/\/xn--lestrteauxdelarenarde-f5b.fr\/index.php?rest_route=\/wp\/v2\/posts\/218\/revisions\/437"}],"wp:attachment":[{"href":"http:\/\/xn--lestrteauxdelarenarde-f5b.fr\/index.php?rest_route=%2Fwp%2Fv2%2Fmedia&parent=218"}],"wp:term":[{"taxonomy":"category","embeddable":true,"href":"http:\/\/xn--lestrteauxdelarenarde-f5b.fr\/index.php?rest_route=%2Fwp%2Fv2%2Fcategories&post=218"},{"taxonomy":"post_tag","embeddable":true,"href":"http:\/\/xn--lestrteauxdelarenarde-f5b.fr\/index.php?rest_route=%2Fwp%2Fv2%2Ftags&post=218"}],"curies":[{"name":"wp","href":"https:\/\/api.w.org\/{rel}","templated":true}]}}