{"id":190,"date":"2007-02-21T19:30:32","date_gmt":"2007-02-21T18:30:32","guid":{"rendered":"http:\/\/xn--lestrteauxdelarenarde-f5b.fr\/?p=190"},"modified":"2025-05-29T16:53:56","modified_gmt":"2025-05-29T15:53:56","slug":"signe-prevert","status":"publish","type":"post","link":"http:\/\/xn--lestrteauxdelarenarde-f5b.fr\/?p=190","title":{"rendered":"Sign\u00e9 Pr\u00e9vert"},"content":{"rendered":"<h2 style=\"text-align: center;\"><strong>\u00a0 \u00a0 \u00a0 \u00a0 \u00a0 \u00a0 \u00a0 \u00a0Caf\u00e9-th\u00e9\u00e2tre\u00a0cr\u00e9\u00e9 et\u00a0<\/strong><strong>mis en sc\u00e8ne \u00a0 \u00a0 \u00a0 \u00a0 \u00a0 \u00a0 \u00a0 par Marie-No\u00eblle M\u00e9dana<\/strong><\/h2>\n<h2 style=\"text-align: center;\"><strong>Jou\u00e9 en 2007<\/strong><\/h2>\n<h2 style=\"text-align: center;\"><img loading=\"lazy\" class=\"wp-image-338  aligncenter\" src=\"http:\/\/xn--lestrteauxdelarenarde-f5b.fr\/wp-content\/uploads\/2007\/02\/affiche-Pr\u00e9vert0005-717x1024.jpg\" alt=\"\" width=\"447\" height=\"638\" srcset=\"http:\/\/xn--lestrteauxdelarenarde-f5b.fr\/wp-content\/uploads\/2007\/02\/affiche-Pr\u00e9vert0005-717x1024.jpg 717w, http:\/\/xn--lestrteauxdelarenarde-f5b.fr\/wp-content\/uploads\/2007\/02\/affiche-Pr\u00e9vert0005-210x300.jpg 210w, http:\/\/xn--lestrteauxdelarenarde-f5b.fr\/wp-content\/uploads\/2007\/02\/affiche-Pr\u00e9vert0005-768x1097.jpg 768w, http:\/\/xn--lestrteauxdelarenarde-f5b.fr\/wp-content\/uploads\/2007\/02\/affiche-Pr\u00e9vert0005.jpg 1066w\" sizes=\"(max-width: 447px) 100vw, 447px\" \/><br \/>\nHommage \u00e0 Jacques Pr\u00e9vert<\/h2>\n<p>Oh je voudrais tant que tu te souviennes&#8230; La suite, vous la connaissez.<\/p>\n<p>Qui n&rsquo;a pas fredonn\u00e9\u00a0\u00bbLes feuilles mortes\u00a0\u00bb un jour dans sa vie ? Pr\u00e9vert le po\u00e8te, Pr\u00e9vert le parolier qui a berc\u00e9 notre enfance, enchant\u00e9 notre adolescence.<\/p>\n<p>Pr\u00e9vert qui a chant\u00e9 Paris, ses rues, ses march\u00e9s, les enfants, les chats et les chiens, les amoureux \u00e0\u00a0Paris, les amoureux de Paris.<\/p>\n<p>Jacques Pr\u00e9vert est n\u00e9 \u00e0 Neuilly avec le si\u00e8cle (1900). Familier du groupe surr\u00e9aliste entre 1925 et 1930, il publie certains de ses po\u00e8mes dans des revues. Beaucoup d&rsquo;ailleurs mis en musique devinrent des chansons populaires. Pr\u00e9vert est mort en 1977.<\/p>\n<p>C&rsquo;est un hommage enthousiaste que les Tr\u00e9teaux de la Renarde vont lui rendre lors de leurs repr\u00e9sentations.<\/p>\n<p>&nbsp;<\/p>\n","protected":false},"excerpt":{"rendered":"<p>\u00a0 \u00a0 \u00a0 \u00a0 \u00a0 \u00a0 \u00a0 \u00a0Caf\u00e9-th\u00e9\u00e2tre\u00a0cr\u00e9\u00e9 et\u00a0mis en sc\u00e8ne \u00a0 \u00a0 \u00a0 \u00a0 \u00a0 \u00a0 \u00a0 par Marie-No\u00eblle M\u00e9dana Jou\u00e9 en 2007 Hommage \u00e0 Jacques Pr\u00e9vert Oh je voudrais tant que tu te souviennes&#8230; La suite, vous la connaissez. Qui n&rsquo;a pas fredonn\u00e9\u00a0\u00bbLes feuilles mortes\u00a0\u00bb un jour dans sa vie ? Pr\u00e9vert le &hellip; <a href=\"http:\/\/xn--lestrteauxdelarenarde-f5b.fr\/?p=190\" class=\"more-link\">Continuer la lecture de <span class=\"screen-reader-text\">Sign\u00e9 Pr\u00e9vert<\/span> <span class=\"meta-nav\">&rarr;<\/span><\/a><\/p>\n","protected":false},"author":1,"featured_media":0,"comment_status":"closed","ping_status":"closed","sticky":false,"template":"","format":"standard","meta":[],"categories":[4],"tags":[],"_links":{"self":[{"href":"http:\/\/xn--lestrteauxdelarenarde-f5b.fr\/index.php?rest_route=\/wp\/v2\/posts\/190"}],"collection":[{"href":"http:\/\/xn--lestrteauxdelarenarde-f5b.fr\/index.php?rest_route=\/wp\/v2\/posts"}],"about":[{"href":"http:\/\/xn--lestrteauxdelarenarde-f5b.fr\/index.php?rest_route=\/wp\/v2\/types\/post"}],"author":[{"embeddable":true,"href":"http:\/\/xn--lestrteauxdelarenarde-f5b.fr\/index.php?rest_route=\/wp\/v2\/users\/1"}],"replies":[{"embeddable":true,"href":"http:\/\/xn--lestrteauxdelarenarde-f5b.fr\/index.php?rest_route=%2Fwp%2Fv2%2Fcomments&post=190"}],"version-history":[{"count":6,"href":"http:\/\/xn--lestrteauxdelarenarde-f5b.fr\/index.php?rest_route=\/wp\/v2\/posts\/190\/revisions"}],"predecessor-version":[{"id":416,"href":"http:\/\/xn--lestrteauxdelarenarde-f5b.fr\/index.php?rest_route=\/wp\/v2\/posts\/190\/revisions\/416"}],"wp:attachment":[{"href":"http:\/\/xn--lestrteauxdelarenarde-f5b.fr\/index.php?rest_route=%2Fwp%2Fv2%2Fmedia&parent=190"}],"wp:term":[{"taxonomy":"category","embeddable":true,"href":"http:\/\/xn--lestrteauxdelarenarde-f5b.fr\/index.php?rest_route=%2Fwp%2Fv2%2Fcategories&post=190"},{"taxonomy":"post_tag","embeddable":true,"href":"http:\/\/xn--lestrteauxdelarenarde-f5b.fr\/index.php?rest_route=%2Fwp%2Fv2%2Ftags&post=190"}],"curies":[{"name":"wp","href":"https:\/\/api.w.org\/{rel}","templated":true}]}}