{"id":154,"date":"2011-09-11T20:47:31","date_gmt":"2011-09-11T19:47:31","guid":{"rendered":"http:\/\/xn--lestrteauxdelarenarde-f5b.fr\/?p=154"},"modified":"2025-05-29T16:52:36","modified_gmt":"2025-05-29T15:52:36","slug":"les-fous-de-la-reine","status":"publish","type":"post","link":"http:\/\/xn--lestrteauxdelarenarde-f5b.fr\/?p=154","title":{"rendered":"Les fous de la reine"},"content":{"rendered":"<h2 style=\"text-align: center;\"><strong>\u00a0 \u00a0 \u00a0 \u00a0 \u00a0 \u00a0Une pi\u00e8ce de Jacques Rampal \u00a0 \u00a0 \u00a0 \u00a0 \u00a0 \u00a0 \u00a0<\/strong><strong>Mise en Sc\u00e8ne Thierry Richard<\/strong><\/h2>\n<h2 style=\"text-align: center;\"><strong>Jou\u00e9 en 2011<\/strong><\/h2>\n<p><img loading=\"lazy\" class=\"aligncenter wp-image-290 \" src=\"http:\/\/xn--lestrteauxdelarenarde-f5b.fr\/wp-content\/uploads\/2011\/09\/02-10-2011-231137-723x1024.jpg\" width=\"394\" height=\"558\" srcset=\"http:\/\/xn--lestrteauxdelarenarde-f5b.fr\/wp-content\/uploads\/2011\/09\/02-10-2011-231137-723x1024.jpg 723w, http:\/\/xn--lestrteauxdelarenarde-f5b.fr\/wp-content\/uploads\/2011\/09\/02-10-2011-231137-212x300.jpg 212w, http:\/\/xn--lestrteauxdelarenarde-f5b.fr\/wp-content\/uploads\/2011\/09\/02-10-2011-231137-768x1088.jpg 768w\" sizes=\"(max-width: 394px) 100vw, 394px\" \/><\/p>\n<p><strong>La pi\u00e8ce\u00a0<\/strong><br \/>\nDans un monde sans piti\u00e9, une femme de pouvoir r\u00e8gne sans partage sur son peuple, sa petite famille, son ministre et sur son fou. Mais rien n&rsquo;est jamais si simple et le fou le sait trop bien. Et sous cette apparente normalit\u00e9, il voit venir \u00e0 lui les ombres, les ombres des soldats, les ombres de la v\u00e9rit\u00e9 qui ne nous frappe jamais si fort que lorsqu&rsquo;on lui ferme trop longtemps notre porte, les ombres enfin d&rsquo;une aube \u00e9trange&#8230;<\/p>\n<h4 style=\"text-align: center;\"><a href=\"https:\/\/goo.gl\/photos\/RtMTx9oTYsQvhoGFA\">Les photos de la pi\u00e8ce<\/a><\/h4>\n<p>&nbsp;<\/p>\n<p>&nbsp;<\/p>\n","protected":false},"excerpt":{"rendered":"<p>\u00a0 \u00a0 \u00a0 \u00a0 \u00a0 \u00a0Une pi\u00e8ce de Jacques Rampal \u00a0 \u00a0 \u00a0 \u00a0 \u00a0 \u00a0 \u00a0Mise en Sc\u00e8ne Thierry Richard Jou\u00e9 en 2011 La pi\u00e8ce\u00a0 Dans un monde sans piti\u00e9, une femme de pouvoir r\u00e8gne sans partage sur son peuple, sa petite famille, son ministre et sur son fou. Mais rien n&rsquo;est jamais si &hellip; <a href=\"http:\/\/xn--lestrteauxdelarenarde-f5b.fr\/?p=154\" class=\"more-link\">Continuer la lecture de <span class=\"screen-reader-text\">Les fous de la reine<\/span> <span class=\"meta-nav\">&rarr;<\/span><\/a><\/p>\n","protected":false},"author":1,"featured_media":230,"comment_status":"closed","ping_status":"closed","sticky":false,"template":"","format":"standard","meta":[],"categories":[5],"tags":[],"_links":{"self":[{"href":"http:\/\/xn--lestrteauxdelarenarde-f5b.fr\/index.php?rest_route=\/wp\/v2\/posts\/154"}],"collection":[{"href":"http:\/\/xn--lestrteauxdelarenarde-f5b.fr\/index.php?rest_route=\/wp\/v2\/posts"}],"about":[{"href":"http:\/\/xn--lestrteauxdelarenarde-f5b.fr\/index.php?rest_route=\/wp\/v2\/types\/post"}],"author":[{"embeddable":true,"href":"http:\/\/xn--lestrteauxdelarenarde-f5b.fr\/index.php?rest_route=\/wp\/v2\/users\/1"}],"replies":[{"embeddable":true,"href":"http:\/\/xn--lestrteauxdelarenarde-f5b.fr\/index.php?rest_route=%2Fwp%2Fv2%2Fcomments&post=154"}],"version-history":[{"count":7,"href":"http:\/\/xn--lestrteauxdelarenarde-f5b.fr\/index.php?rest_route=\/wp\/v2\/posts\/154\/revisions"}],"predecessor-version":[{"id":405,"href":"http:\/\/xn--lestrteauxdelarenarde-f5b.fr\/index.php?rest_route=\/wp\/v2\/posts\/154\/revisions\/405"}],"wp:featuredmedia":[{"embeddable":true,"href":"http:\/\/xn--lestrteauxdelarenarde-f5b.fr\/index.php?rest_route=\/wp\/v2\/media\/230"}],"wp:attachment":[{"href":"http:\/\/xn--lestrteauxdelarenarde-f5b.fr\/index.php?rest_route=%2Fwp%2Fv2%2Fmedia&parent=154"}],"wp:term":[{"taxonomy":"category","embeddable":true,"href":"http:\/\/xn--lestrteauxdelarenarde-f5b.fr\/index.php?rest_route=%2Fwp%2Fv2%2Fcategories&post=154"},{"taxonomy":"post_tag","embeddable":true,"href":"http:\/\/xn--lestrteauxdelarenarde-f5b.fr\/index.php?rest_route=%2Fwp%2Fv2%2Ftags&post=154"}],"curies":[{"name":"wp","href":"https:\/\/api.w.org\/{rel}","templated":true}]}}