{"id":142,"date":"2013-04-11T20:21:51","date_gmt":"2013-04-11T19:21:51","guid":{"rendered":"http:\/\/xn--lestrteauxdelarenarde-f5b.fr\/?p=142"},"modified":"2025-05-29T16:51:56","modified_gmt":"2025-05-29T15:51:56","slug":"lhomme-de-jaraya","status":"publish","type":"post","link":"http:\/\/xn--lestrteauxdelarenarde-f5b.fr\/?p=142","title":{"rendered":"L\u2019homme de Jaraya"},"content":{"rendered":"<h2 class=\"entry-header\" style=\"text-align: center;\"><strong>&nbsp; <\/strong><\/h2>\n<h2 class=\"entry-header\" style=\"text-align: center;\"><strong>&nbsp; &nbsp; &nbsp; &nbsp; &nbsp; &nbsp; &nbsp; &nbsp; &nbsp; &nbsp; Pi\u00e8ce de Thierry Richard<\/strong><strong>&nbsp;<\/strong><strong> &nbsp; &nbsp; &nbsp; &nbsp; &nbsp; &nbsp; &nbsp; &nbsp; &nbsp; &nbsp; &nbsp; &nbsp;Mise en sc\u00e8ne de Thierry Richard<\/strong><\/h2>\n<p>&nbsp;<\/p>\n<h2 class=\"entry-header\" style=\"text-align: center;\"><strong>Jou\u00e9 en 2013<\/strong><\/h2>\n<p>&nbsp;<\/p>\n<div class=\"entry-content\">\n<p><img loading=\"lazy\" class=\"aligncenter\" src=\"http:\/\/www.breuillet.fr\/images\/treteaux\/TRPCE037_small.jpg\" width=\"289\" height=\"413\"><br \/>\n\u00ab Bonjour pr\u00e9sident, le voyage a \u00e9t\u00e9 bon ?<br \/>\n-Excellent ! Une petite fausse note \u00e0 l\u2019arriv\u00e9e, j\u2019ai bien cru que notre pilote allait pr\u00e9f\u00e9rer la pelouse au tarmac. A part \u00e7a, rien \u00e0 signaler de significatif.<br \/>\n\u2013 Si vous le dites !<br \/>\n\u2013 Vous disiez ? Bon, Lambron, disposez, disposez ! Allez prendre une douche ou faire un somme ! Nous nous verrons demain \u00e0 quatorze heures.<br \/>\nJe vous \u00e9coute.<br \/>\n\u2013 Il y a eu une autre fausse note, pr\u00e9sident ! \u00bb<br \/>\nDe retour d\u2019un voyage officiel, le premier homme de France se voit contraint de composer avec l\u2019un de ses conseillers afin de r\u00e9parer une erreur de langage .<\/p>\n<h2 style=\"text-align: left;\"><a href=\"https:\/\/goo.gl\/photos\/JpUnxEcY89yTvNPD9\">Les photos de la pi\u00e8ce<\/a><\/h2>\n<\/div>\n","protected":false},"excerpt":{"rendered":"<p>&nbsp; &nbsp; &nbsp; &nbsp; &nbsp; &nbsp; &nbsp; &nbsp; &nbsp; &nbsp; &nbsp; Pi\u00e8ce de Thierry Richard&nbsp; &nbsp; &nbsp; &nbsp; &nbsp; &nbsp; &nbsp; &nbsp; &nbsp; &nbsp; &nbsp; &nbsp; &nbsp;Mise en sc\u00e8ne de Thierry Richard &nbsp; Jou\u00e9 en 2013 &nbsp; \u00ab Bonjour pr\u00e9sident, le voyage a \u00e9t\u00e9 bon ? -Excellent ! Une petite fausse note \u00e0 l\u2019arriv\u00e9e, j\u2019ai &hellip; <a href=\"http:\/\/xn--lestrteauxdelarenarde-f5b.fr\/?p=142\" class=\"more-link\">Continuer la lecture de <span class=\"screen-reader-text\">L\u2019homme de Jaraya<\/span> <span class=\"meta-nav\">&rarr;<\/span><\/a><\/p>\n","protected":false},"author":1,"featured_media":228,"comment_status":"closed","ping_status":"closed","sticky":false,"template":"","format":"standard","meta":[],"categories":[5],"tags":[],"_links":{"self":[{"href":"http:\/\/xn--lestrteauxdelarenarde-f5b.fr\/index.php?rest_route=\/wp\/v2\/posts\/142"}],"collection":[{"href":"http:\/\/xn--lestrteauxdelarenarde-f5b.fr\/index.php?rest_route=\/wp\/v2\/posts"}],"about":[{"href":"http:\/\/xn--lestrteauxdelarenarde-f5b.fr\/index.php?rest_route=\/wp\/v2\/types\/post"}],"author":[{"embeddable":true,"href":"http:\/\/xn--lestrteauxdelarenarde-f5b.fr\/index.php?rest_route=\/wp\/v2\/users\/1"}],"replies":[{"embeddable":true,"href":"http:\/\/xn--lestrteauxdelarenarde-f5b.fr\/index.php?rest_route=%2Fwp%2Fv2%2Fcomments&post=142"}],"version-history":[{"count":13,"href":"http:\/\/xn--lestrteauxdelarenarde-f5b.fr\/index.php?rest_route=\/wp\/v2\/posts\/142\/revisions"}],"predecessor-version":[{"id":575,"href":"http:\/\/xn--lestrteauxdelarenarde-f5b.fr\/index.php?rest_route=\/wp\/v2\/posts\/142\/revisions\/575"}],"wp:featuredmedia":[{"embeddable":true,"href":"http:\/\/xn--lestrteauxdelarenarde-f5b.fr\/index.php?rest_route=\/wp\/v2\/media\/228"}],"wp:attachment":[{"href":"http:\/\/xn--lestrteauxdelarenarde-f5b.fr\/index.php?rest_route=%2Fwp%2Fv2%2Fmedia&parent=142"}],"wp:term":[{"taxonomy":"category","embeddable":true,"href":"http:\/\/xn--lestrteauxdelarenarde-f5b.fr\/index.php?rest_route=%2Fwp%2Fv2%2Fcategories&post=142"},{"taxonomy":"post_tag","embeddable":true,"href":"http:\/\/xn--lestrteauxdelarenarde-f5b.fr\/index.php?rest_route=%2Fwp%2Fv2%2Ftags&post=142"}],"curies":[{"name":"wp","href":"https:\/\/api.w.org\/{rel}","templated":true}]}}